{"id":2806,"date":"2020-11-06T00:00:00","date_gmt":"2020-11-06T00:00:00","guid":{"rendered":"https:\/\/jordibordas.com\/fr\/new\/por-que-mi-pastel-pierde-agua-durante-la-descongelacion-hablemos-de-sineresis\/"},"modified":"2023-02-07T11:57:56","modified_gmt":"2023-02-07T10:57:56","slug":"por-que-mi-pastel-pierde-agua-durante-la-descongelacion-hablemos-de-sineresis","status":"publish","type":"post","link":"https:\/\/jordibordas.com\/fr\/blog\/por-que-mi-pastel-pierde-agua-durante-la-descongelacion-hablemos-de-sineresis\/","title":{"rendered":"\u00bfPor qu\u00e9 mi pastel pierde agua durante la descongelaci\u00f3n? Hablemos de sin\u00e9resis"},"content":{"rendered":"\n<p>Un problema muy habitual que nos encontramos en pasteler\u00eda es la <strong>p\u00e9rdida de l\u00edquido al someter una tarta al proceso de congelaci\u00f3n y descongelaci\u00f3n<\/strong>. Cuando sucede, tendemos a pensar que se debe a una falta de gelatina y a\u00f1adimos m\u00e1s cantidad a la receta, pero no siempre es este el motivo. La realidad es que, aunque el problema pueda derivar de una falta de gelificaci\u00f3n o de una concentraci\u00f3n demasiado baja del agente gelificante, es muy probable que <strong>se deba al equilibrado general de la receta<\/strong>. La falta de estabilidad genera la mencionada p\u00e9rdida de agua, lo que en t\u00e9rminos cient\u00edficos se conoce como el <strong>fen\u00f3meno de sin\u00e9resis<\/strong>.<\/p>\n\n\n\n<p>En este art\u00edculo hablaremos de sin\u00e9resis: \u00bfqu\u00e9 es?, \u00bfpor qu\u00e9 sucede?, \u00bfc\u00f3mo podemos evitarla? Adem\u00e1s, al final del post encontrar\u00e1s la reposici\u00f3n de la masterclass en directo que ofrecieron Jordi y Adrianna el pasado 13 de octubre. En ella profundizan sobre todos estos conceptos para que aprendas a evitar la sin\u00e9resis en el proceso de congelaci\u00f3n y descongelaci\u00f3n y consigas resultados \u00f3ptimos en tus elaboraciones.<\/p>\n\n\n\n<div style=\"height:30px\" aria-hidden=\"true\" class=\"wp-block-spacer\"><\/div>\n\n\n\n<h4 class=\"wp-block-heading\">\u00bfQu\u00e9 es la sin\u00e9resis en pasteler\u00eda?<\/h4>\n\n\n\n<p>En pocas palabras,&nbsp;<strong>la sin\u00e9resis<\/strong>&nbsp;en pasteler\u00eda consiste en&nbsp;<strong>la expulsi\u00f3n de l\u00edquido de un gel<\/strong>. Tomando el caso concreto de un entremets como los que trabajamos en la Escuela de Pasteler\u00eda Jordi Bordas, esta agua puede provenir de una mousse, de un gelificado (por ejemplo, una compota gelificada), de un cremoso o incluso del propio glaseado.<\/p>\n\n\n\n<p>Podemos encontrar&nbsp;<strong>varios tipos de sin\u00e9resis<\/strong> en el mundo dulce. Adem\u00e1s de suceder en el proceso de congelaci\u00f3n\/descongelaci\u00f3n, tambi\u00e9n podemos haberla observado, por ejemplo, en una crema pastelera sobre-cocida; pero en este art\u00edculo nos centraremos en el primer caso.<\/p>\n\n\n\n<div style=\"height:30px\" aria-hidden=\"true\" class=\"wp-block-spacer\"><\/div>\n\n\n\n<h4 class=\"wp-block-heading\"><strong>\u00bfPor qu\u00e9 se produce la sin\u00e9resis en pasteler\u00eda?<\/strong><\/h4>\n\n\n\n<p>Cuando sometemos a una&nbsp;<strong>textura gelificada<\/strong>&nbsp;al proceso de congelaci\u00f3n, encontramos en su interior una parte de&nbsp;<strong>agua controlada<\/strong>&nbsp;y cierta cantidad de&nbsp;<strong>agua libre<\/strong>. La primera, es el agua captada o enlazada por el extracto seco y la otra es al agua libre f\u00edsicamente atrapada dentro del gel; una red tridimensional formada por prote\u00ednas (como en el caso de la gelatina), o bien por otros agentes gelificantes.<\/p>\n\n\n\n<p><strong>A mayor cantidad de agua libre, m\u00e1s sin\u00e9resis<\/strong>&nbsp;se generar\u00e1 en el proceso de congelaci\u00f3n y descongelaci\u00f3n. El porqu\u00e9 es relativamente sencillo de explicar. Al cambiar de estado y solidificarse (pasar l\u00edquido a s\u00f3lido) en el proceso de congelaci\u00f3n, el agua aumenta su volumen (normalmente entre un 8 y un 10%). Al aumentar el volumen, los cristales de hielo formados durante el proceso de congelaci\u00f3n rompen la estructura de las texturas creadas en las preparaciones (o las paredes celulares en el caso de las frutas y verduras), causando sin\u00e9resis.<\/p>\n\n\n\n<p>En cambio,&nbsp;<strong>a mayor cantidad de agua capturada<\/strong>&nbsp;por el agente gelificante o por los polisac\u00e1ridos (como las fibras),&nbsp;<strong>menor es la probabilidad de la sin\u00e9resis<\/strong>. Puedes conocer m\u00e1s sobre las diferentes mol\u00e9culas en pasteler\u00eda en este art\u00edculo: \u201c<a href=\"https:\/\/jordibordas.com\/fr\/blog\/moleculas-pasteleria-composicion-molecular-ingredientes\/\">Mol\u00e9culas en pasteler\u00eda: la importancia de la composici\u00f3n molecular de los ingredientes<\/a>\u201d.<\/p>\n\n\n\n<div style=\"height:30px\" aria-hidden=\"true\" class=\"wp-block-spacer\"><\/div>\n\n\n\n<h4 class=\"wp-block-heading\"><strong>\u00bfC\u00f3mo evitar la sin\u00e9resis en pasteler\u00eda?<\/strong><\/h4>\n\n\n\n<p>Con lo aprendido, la preocupaci\u00f3n principal a la hora de formular para evitar la sin\u00e9resis es siempre&nbsp;<strong>controlar el agua libre de las recetas<\/strong>. Existen tres factores importantes que debemos tener en cuenta para obtener un buen control del agua en nuestras recetas de pasteler\u00eda: el&nbsp;<strong>extracto seco<\/strong>, la&nbsp;<strong>capacidad de captaci\u00f3n del agua<\/strong>&nbsp;de nuestros ingredientes y las&nbsp;<a href=\"https:\/\/jordibordas.com\/fr\/blog\/las-4-tecnicas-de-pasteleria-para-conseguir-texturas-perfectas\/\">t\u00e9cnicas&nbsp;de creaci\u00f3n de texturas<\/a>&nbsp;que vamos a utilizar en el proceso de elaboraci\u00f3n de las recetas.<\/p>\n\n\n\n<div style=\"height:30px\" aria-hidden=\"true\" class=\"wp-block-spacer\"><\/div>\n\n\n\n<h3 class=\"wp-block-heading\">EXTRACTO SECO<\/h3>\n\n\n\n<p>En un ingrediente o receta,&nbsp;<strong>se considera extracto seco todos aquellos elementos<\/strong>, ya sean l\u00edquidos o s\u00f3lidos,<strong>&nbsp;que no son agua<\/strong>. El extracto seco es el primer factor que necesitamos analizar en cuanto a la estabilidad de una receta de pasteler\u00eda. Hay que conocer tanto la cantidad del extracto seco, como sus propiedades fisicoqu\u00edmicas y funcionales. Tengamos en cuenta que no es lo mismo trabajar con un 10% de az\u00facar que hacerlo con un 10% de fibra, ya que cada uno de estos ingredientes interactuar\u00e1 de forma diferente con el resto.<\/p>\n\n\n\n<p>Habitualmente,&nbsp;<strong>las recetas de pasteler\u00eda necesitan alrededor del 30% de extracto seco<\/strong>&nbsp;para no generar problemas durante la descongelaci\u00f3n. Este porcentaje puede variar seg\u00fan el tipo de receta y tambi\u00e9n seg\u00fan los ingredientes usados, pero es una buena regla general para tomar como gu\u00eda.<\/p>\n\n\n\n<div style=\"height:30px\" aria-hidden=\"true\" class=\"wp-block-spacer\"><\/div>\n\n\n\n<h3 class=\"wp-block-heading\">CAPACIDAD DE CAPTACI\u00d3N DE AGUA<\/h3>\n\n\n\n<p>Una vez conocemos la cantidad de extracto seco en la receta, hay que determinar de&nbsp;<strong>qu\u00e9 tipo de extracto seco<\/strong>&nbsp;se trata: el az\u00facar nos ayuda a enlazar el agua libre, pero los polisac\u00e1ridos (una goma o bien una fibra) tienen mayor capacidad de retener el agua.<\/p>\n\n\n\n<p>Por ejemplo, si una receta con 25% del az\u00facar no funciona demasiado bien en el proceso de descongelaci\u00f3n, se puede valorar sustituir parte del az\u00facar por <a href=\"https:\/\/jordibordas.com\/fr\/blog\/las-fibras-como-ingrediente-clave-en-la-pasteleria-moderna-fibras-de-citricos\/\">fibra<\/a> o a\u00f1adir una goma (un espesante) para mejorar su estabilidad.<\/p>\n\n\n\n<div style=\"height:30px\" aria-hidden=\"true\" class=\"wp-block-spacer\"><\/div>\n\n\n\n<h3 class=\"wp-block-heading\">T\u00c9CNICAS DE CREACI\u00d3N DE TEXTURAS<\/h3>\n\n\n\n<p>El tercer factor cr\u00edtico a la hora de revisar las recetas son las t\u00e9cnicas utilizadas. En pasteler\u00eda disponemos de&nbsp;<a href=\"https:\/\/jordibordas.com\/fr\/blog\/las-4-tecnicas-de-pasteleria-para-conseguir-texturas-perfectas\/\">cuatro t\u00e9cnicas b\u00e1sicas&nbsp;para crear cualquier textura<\/a>: la&nbsp;<strong>emulsificaci\u00f3n<\/strong>, la&nbsp;<strong>aireaci\u00f3n<\/strong>, el&nbsp;<strong>espesamiento<\/strong>&nbsp;y la&nbsp;<strong>gelificaci\u00f3n<\/strong>.<\/p>\n\n\n\n<p>Por ejemplo, si se trabaja una mousse solo con aireaci\u00f3n y gelificaci\u00f3n, la receta tendr\u00e1 una estabilidad menor que otra que se trabaje con emulsificaci\u00f3n, aireaci\u00f3n y gelificaci\u00f3n.&nbsp;<strong>Cada t\u00e9cnica utilizada ayuda a generar m\u00e1s estabilidad<\/strong>&nbsp;porque lo que sucede internamente es que se crean m\u00e1s uniones (enlaces) entra las mol\u00e9culas del agua y el resto de mol\u00e9culas. Enlaces cada vez m\u00e1s dif\u00edciles a romper y, por tanto,&nbsp;<strong>menor probabilidad de sin\u00e9resis<\/strong>.<\/p>\n\n\n\n<div style=\"height:30px\" aria-hidden=\"true\" class=\"wp-block-spacer\"><\/div>\n\n\n\n<h4 class=\"wp-block-heading\"><strong>Clase de pasteler\u00eda gratuita: \u00bfPor qu\u00e9 mi pastel pierde agua durante la descongelaci\u00f3n?<\/strong><\/h4>\n\n\n\n<p>Para acabar, puedes seguir profundizando en todos estos conceptos con el webinar \u201c\u00bfPor qu\u00e9 mi pastel pierde agua durante la descongelaci\u00f3n?\u201d. Fue el primero de nuestra serie&nbsp;<strong>B\u00b7Concept Pastry Answers<\/strong>, un ciclo de masterclasses gratuitas de pasteler\u00eda en el que daremos respuesta a algunas de las grandes preguntas del mundo dulce, siempre desde el punto de vista del&nbsp;<a href=\"https:\/\/jordibordas.com\/fr\/metodo-bconcept-jordi-bordas\/\">B\u00b7Concept<\/a>.<\/p>\n\n\n\n<div style=\"height:30px\" aria-hidden=\"true\" class=\"wp-block-spacer\"><\/div>\n\n\n\n<figure class=\"wp-block-embed is-type-video is-provider-youtube wp-block-embed-youtube wp-embed-aspect-16-9 wp-has-aspect-ratio\"><div class=\"wp-block-embed__wrapper\">\n<iframe loading=\"lazy\" title=\"\u00bfPor qu\u00e9 mi pastel pierde agua durante la descongelaci\u00f3n? - MASTERCLASS\" width=\"500\" height=\"281\" src=\"https:\/\/www.youtube.com\/embed\/9j8FC-gvNYk?feature=oembed\" frameborder=\"0\" allow=\"accelerometer; autoplay; clipboard-write; encrypted-media; gyroscope; picture-in-picture; web-share\" referrerpolicy=\"strict-origin-when-cross-origin\" allowfullscreen><\/iframe>\n<\/div><\/figure>\n","protected":false},"excerpt":{"rendered":"<p>Un problema muy habitual que nos encontramos en pasteler\u00eda es la p\u00e9rdida de l\u00edquido al someter una tarta al proceso de congelaci\u00f3n y descongelaci\u00f3n. Cuando sucede, tendemos a pensar que se debe a una falta de gelatina y a\u00f1adimos m\u00e1s cantidad a la receta, pero no siempre es este el motivo. La realidad es que, [&hellip;]<\/p>\n","protected":false},"author":2,"featured_media":3353,"comment_status":"closed","ping_status":"closed","sticky":false,"template":"","format":"standard","meta":{"_acf_changed":false,"_bbp_topic_count":0,"_bbp_reply_count":0,"_bbp_total_topic_count":0,"_bbp_total_reply_count":0,"_bbp_voice_count":0,"_bbp_anonymous_reply_count":0,"_bbp_topic_count_hidden":0,"_bbp_reply_count_hidden":0,"_bbp_forum_subforum_count":0,"_themeisle_gutenberg_block_has_review":false,"footnotes":""},"categories":[5,8],"tags":[25,77],"class_list":["post-2806","post","type-post","status-publish","format-standard","has-post-thumbnail","hentry","category-b-concept","category-webinars","tag-ingredientes-de-pasteleria","tag-sineresis"],"acf":[],"yoast_head":"<!-- This site is optimized with the Yoast SEO plugin v27.5 - https:\/\/yoast.com\/product\/yoast-seo-wordpress\/ -->\n<title>\u00bfPor qu\u00e9 mi pastel pierde agua durante la descongelaci\u00f3n? Hablemos de sin\u00e9resis - Jordi Bordas \u00c9cole de P\u00e2tisserie<\/title>\n<meta name=\"description\" content=\"Un problema muy habitual que nos encontramos en pasteler\u00eda es la p\u00e9rdida de l\u00edquido al someter una tarta al proceso de congelaci\u00f3n y descongelaci\u00f3n.\" \/>\n<meta name=\"robots\" content=\"index, follow, max-snippet:-1, max-image-preview:large, max-video-preview:-1\" \/>\n<link rel=\"canonical\" href=\"https:\/\/jordibordas.com\/fr\/blog\/por-que-mi-pastel-pierde-agua-durante-la-descongelacion-hablemos-de-sineresis\/\" \/>\n<meta property=\"og:locale\" content=\"fr_FR\" \/>\n<meta property=\"og:type\" content=\"article\" \/>\n<meta property=\"og:title\" content=\"\u00bfPor qu\u00e9 mi pastel pierde agua durante la descongelaci\u00f3n? Hablemos de sin\u00e9resis - Jordi Bordas \u00c9cole de P\u00e2tisserie\" \/>\n<meta property=\"og:description\" content=\"Un problema muy habitual que nos encontramos en pasteler\u00eda es la p\u00e9rdida de l\u00edquido al someter una tarta al proceso de congelaci\u00f3n y descongelaci\u00f3n.\" \/>\n<meta property=\"og:url\" content=\"https:\/\/jordibordas.com\/fr\/blog\/por-que-mi-pastel-pierde-agua-durante-la-descongelacion-hablemos-de-sineresis\/\" \/>\n<meta property=\"og:site_name\" content=\"Jordi Bordas \u00c9cole de P\u00e2tisserie\" \/>\n<meta property=\"article:published_time\" content=\"2020-11-06T00:00:00+00:00\" \/>\n<meta property=\"article:modified_time\" content=\"2023-02-07T10:57:56+00:00\" \/>\n<meta property=\"og:image\" content=\"https:\/\/jordibordas.com\/fr\/wp-content\/uploads\/sites\/6\/2020\/11\/Sineresis-pasteleria-jordibordas.jpg\" \/>\n\t<meta property=\"og:image:width\" content=\"1528\" \/>\n\t<meta property=\"og:image:height\" content=\"883\" \/>\n\t<meta property=\"og:image:type\" content=\"image\/jpeg\" \/>\n<meta name=\"author\" content=\"Andreu Llos\" \/>\n<meta name=\"twitter:card\" content=\"summary_large_image\" \/>\n<meta name=\"twitter:label1\" content=\"\u00c9crit par\" \/>\n\t<meta name=\"twitter:data1\" content=\"Andreu Llos\" \/>\n\t<meta name=\"twitter:label2\" content=\"Dur\u00e9e de lecture estim\u00e9e\" \/>\n\t<meta name=\"twitter:data2\" content=\"5 minutes\" \/>\n<script type=\"application\/ld+json\" class=\"yoast-schema-graph\">{\"@context\":\"https:\\\/\\\/schema.org\",\"@graph\":[{\"@type\":\"Article\",\"@id\":\"https:\\\/\\\/jordibordas.com\\\/fr\\\/blog\\\/por-que-mi-pastel-pierde-agua-durante-la-descongelacion-hablemos-de-sineresis\\\/#article\",\"isPartOf\":{\"@id\":\"https:\\\/\\\/jordibordas.com\\\/fr\\\/blog\\\/por-que-mi-pastel-pierde-agua-durante-la-descongelacion-hablemos-de-sineresis\\\/\"},\"author\":{\"name\":\"Andreu Llos\",\"@id\":\"https:\\\/\\\/jordibordas.com\\\/fr\\\/#\\\/schema\\\/person\\\/4c129965cd215c29c2bf9904a99558fc\"},\"headline\":\"\u00bfPor qu\u00e9 mi pastel pierde agua durante la descongelaci\u00f3n? Hablemos de sin\u00e9resis\",\"datePublished\":\"2020-11-06T00:00:00+00:00\",\"dateModified\":\"2023-02-07T10:57:56+00:00\",\"mainEntityOfPage\":{\"@id\":\"https:\\\/\\\/jordibordas.com\\\/fr\\\/blog\\\/por-que-mi-pastel-pierde-agua-durante-la-descongelacion-hablemos-de-sineresis\\\/\"},\"wordCount\":1156,\"publisher\":{\"@id\":\"https:\\\/\\\/jordibordas.com\\\/fr\\\/#organization\"},\"image\":{\"@id\":\"https:\\\/\\\/jordibordas.com\\\/fr\\\/blog\\\/por-que-mi-pastel-pierde-agua-durante-la-descongelacion-hablemos-de-sineresis\\\/#primaryimage\"},\"thumbnailUrl\":\"https:\\\/\\\/jordibordas.com\\\/fr\\\/wp-content\\\/uploads\\\/sites\\\/6\\\/2020\\\/11\\\/Sineresis-pasteleria-jordibordas.jpg\",\"keywords\":[\"INGREDIENTES DE PASTELER\u00cdA\",\"SIN\u00c9RESIS\"],\"articleSection\":[\"B\u00b7Concept\",\"Webinars\"],\"inLanguage\":\"fr-FR\"},{\"@type\":\"WebPage\",\"@id\":\"https:\\\/\\\/jordibordas.com\\\/fr\\\/blog\\\/por-que-mi-pastel-pierde-agua-durante-la-descongelacion-hablemos-de-sineresis\\\/\",\"url\":\"https:\\\/\\\/jordibordas.com\\\/fr\\\/blog\\\/por-que-mi-pastel-pierde-agua-durante-la-descongelacion-hablemos-de-sineresis\\\/\",\"name\":\"\u00bfPor qu\u00e9 mi pastel pierde agua durante la descongelaci\u00f3n? Hablemos de sin\u00e9resis - Jordi Bordas \u00c9cole de P\u00e2tisserie\",\"isPartOf\":{\"@id\":\"https:\\\/\\\/jordibordas.com\\\/fr\\\/#website\"},\"primaryImageOfPage\":{\"@id\":\"https:\\\/\\\/jordibordas.com\\\/fr\\\/blog\\\/por-que-mi-pastel-pierde-agua-durante-la-descongelacion-hablemos-de-sineresis\\\/#primaryimage\"},\"image\":{\"@id\":\"https:\\\/\\\/jordibordas.com\\\/fr\\\/blog\\\/por-que-mi-pastel-pierde-agua-durante-la-descongelacion-hablemos-de-sineresis\\\/#primaryimage\"},\"thumbnailUrl\":\"https:\\\/\\\/jordibordas.com\\\/fr\\\/wp-content\\\/uploads\\\/sites\\\/6\\\/2020\\\/11\\\/Sineresis-pasteleria-jordibordas.jpg\",\"datePublished\":\"2020-11-06T00:00:00+00:00\",\"dateModified\":\"2023-02-07T10:57:56+00:00\",\"description\":\"Un problema muy habitual que nos encontramos en pasteler\u00eda es la p\u00e9rdida de l\u00edquido al someter una tarta al proceso de congelaci\u00f3n y descongelaci\u00f3n.\",\"breadcrumb\":{\"@id\":\"https:\\\/\\\/jordibordas.com\\\/fr\\\/blog\\\/por-que-mi-pastel-pierde-agua-durante-la-descongelacion-hablemos-de-sineresis\\\/#breadcrumb\"},\"inLanguage\":\"fr-FR\",\"potentialAction\":[{\"@type\":\"ReadAction\",\"target\":[\"https:\\\/\\\/jordibordas.com\\\/fr\\\/blog\\\/por-que-mi-pastel-pierde-agua-durante-la-descongelacion-hablemos-de-sineresis\\\/\"]}]},{\"@type\":\"ImageObject\",\"inLanguage\":\"fr-FR\",\"@id\":\"https:\\\/\\\/jordibordas.com\\\/fr\\\/blog\\\/por-que-mi-pastel-pierde-agua-durante-la-descongelacion-hablemos-de-sineresis\\\/#primaryimage\",\"url\":\"https:\\\/\\\/jordibordas.com\\\/fr\\\/wp-content\\\/uploads\\\/sites\\\/6\\\/2020\\\/11\\\/Sineresis-pasteleria-jordibordas.jpg\",\"contentUrl\":\"https:\\\/\\\/jordibordas.com\\\/fr\\\/wp-content\\\/uploads\\\/sites\\\/6\\\/2020\\\/11\\\/Sineresis-pasteleria-jordibordas.jpg\",\"width\":1528,\"height\":883},{\"@type\":\"BreadcrumbList\",\"@id\":\"https:\\\/\\\/jordibordas.com\\\/fr\\\/blog\\\/por-que-mi-pastel-pierde-agua-durante-la-descongelacion-hablemos-de-sineresis\\\/#breadcrumb\",\"itemListElement\":[{\"@type\":\"ListItem\",\"position\":1,\"name\":\"Portada\",\"item\":\"https:\\\/\\\/jordibordas.com\\\/fr\\\/\"},{\"@type\":\"ListItem\",\"position\":2,\"name\":\"\u00bfPor qu\u00e9 mi pastel pierde agua durante la descongelaci\u00f3n? Hablemos de sin\u00e9resis\"}]},{\"@type\":\"WebSite\",\"@id\":\"https:\\\/\\\/jordibordas.com\\\/fr\\\/#website\",\"url\":\"https:\\\/\\\/jordibordas.com\\\/fr\\\/\",\"name\":\"Jordi Bordas \u00c9cole de P\u00e2tisserie\",\"description\":\"Innovative Pastry Education\",\"publisher\":{\"@id\":\"https:\\\/\\\/jordibordas.com\\\/fr\\\/#organization\"},\"potentialAction\":[{\"@type\":\"SearchAction\",\"target\":{\"@type\":\"EntryPoint\",\"urlTemplate\":\"https:\\\/\\\/jordibordas.com\\\/fr\\\/?s={search_term_string}\"},\"query-input\":{\"@type\":\"PropertyValueSpecification\",\"valueRequired\":true,\"valueName\":\"search_term_string\"}}],\"inLanguage\":\"fr-FR\"},{\"@type\":\"Organization\",\"@id\":\"https:\\\/\\\/jordibordas.com\\\/fr\\\/#organization\",\"name\":\"Jordi Bordas\",\"url\":\"https:\\\/\\\/jordibordas.com\\\/fr\\\/\",\"logo\":{\"@type\":\"ImageObject\",\"inLanguage\":\"fr-FR\",\"@id\":\"https:\\\/\\\/jordibordas.com\\\/fr\\\/#\\\/schema\\\/logo\\\/image\\\/\",\"url\":\"https:\\\/\\\/jordibordas.com\\\/fr\\\/wp-content\\\/uploads\\\/sites\\\/6\\\/2020\\\/11\\\/logo.svg\",\"contentUrl\":\"https:\\\/\\\/jordibordas.com\\\/fr\\\/wp-content\\\/uploads\\\/sites\\\/6\\\/2020\\\/11\\\/logo.svg\",\"width\":274,\"height\":68,\"caption\":\"Jordi Bordas\"},\"image\":{\"@id\":\"https:\\\/\\\/jordibordas.com\\\/fr\\\/#\\\/schema\\\/logo\\\/image\\\/\"}},{\"@type\":\"Person\",\"@id\":\"https:\\\/\\\/jordibordas.com\\\/fr\\\/#\\\/schema\\\/person\\\/4c129965cd215c29c2bf9904a99558fc\",\"name\":\"Andreu Llos\",\"image\":{\"@type\":\"ImageObject\",\"inLanguage\":\"fr-FR\",\"@id\":\"https:\\\/\\\/secure.gravatar.com\\\/avatar\\\/38f1710b7ada9cb031afb55bff45817f143307d725c09c761e1b46fe4f9acbaa?s=96&d=mm&r=g\",\"url\":\"https:\\\/\\\/secure.gravatar.com\\\/avatar\\\/38f1710b7ada9cb031afb55bff45817f143307d725c09c761e1b46fe4f9acbaa?s=96&d=mm&r=g\",\"contentUrl\":\"https:\\\/\\\/secure.gravatar.com\\\/avatar\\\/38f1710b7ada9cb031afb55bff45817f143307d725c09c761e1b46fe4f9acbaa?s=96&d=mm&r=g\",\"caption\":\"Andreu Llos\"}}]}<\/script>\n<!-- \/ Yoast SEO plugin. -->","yoast_head_json":{"title":"\u00bfPor qu\u00e9 mi pastel pierde agua durante la descongelaci\u00f3n? Hablemos de sin\u00e9resis - Jordi Bordas \u00c9cole de P\u00e2tisserie","description":"Un problema muy habitual que nos encontramos en pasteler\u00eda es la p\u00e9rdida de l\u00edquido al someter una tarta al proceso de congelaci\u00f3n y descongelaci\u00f3n.","robots":{"index":"index","follow":"follow","max-snippet":"max-snippet:-1","max-image-preview":"max-image-preview:large","max-video-preview":"max-video-preview:-1"},"canonical":"https:\/\/jordibordas.com\/fr\/blog\/por-que-mi-pastel-pierde-agua-durante-la-descongelacion-hablemos-de-sineresis\/","og_locale":"fr_FR","og_type":"article","og_title":"\u00bfPor qu\u00e9 mi pastel pierde agua durante la descongelaci\u00f3n? Hablemos de sin\u00e9resis - Jordi Bordas \u00c9cole de P\u00e2tisserie","og_description":"Un problema muy habitual que nos encontramos en pasteler\u00eda es la p\u00e9rdida de l\u00edquido al someter una tarta al proceso de congelaci\u00f3n y descongelaci\u00f3n.","og_url":"https:\/\/jordibordas.com\/fr\/blog\/por-que-mi-pastel-pierde-agua-durante-la-descongelacion-hablemos-de-sineresis\/","og_site_name":"Jordi Bordas \u00c9cole de P\u00e2tisserie","article_published_time":"2020-11-06T00:00:00+00:00","article_modified_time":"2023-02-07T10:57:56+00:00","og_image":[{"width":1528,"height":883,"url":"https:\/\/jordibordas.com\/fr\/wp-content\/uploads\/sites\/6\/2020\/11\/Sineresis-pasteleria-jordibordas.jpg","type":"image\/jpeg"}],"author":"Andreu Llos","twitter_card":"summary_large_image","twitter_misc":{"\u00c9crit par":"Andreu Llos","Dur\u00e9e de lecture estim\u00e9e":"5 minutes"},"schema":{"@context":"https:\/\/schema.org","@graph":[{"@type":"Article","@id":"https:\/\/jordibordas.com\/fr\/blog\/por-que-mi-pastel-pierde-agua-durante-la-descongelacion-hablemos-de-sineresis\/#article","isPartOf":{"@id":"https:\/\/jordibordas.com\/fr\/blog\/por-que-mi-pastel-pierde-agua-durante-la-descongelacion-hablemos-de-sineresis\/"},"author":{"name":"Andreu Llos","@id":"https:\/\/jordibordas.com\/fr\/#\/schema\/person\/4c129965cd215c29c2bf9904a99558fc"},"headline":"\u00bfPor qu\u00e9 mi pastel pierde agua durante la descongelaci\u00f3n? Hablemos de sin\u00e9resis","datePublished":"2020-11-06T00:00:00+00:00","dateModified":"2023-02-07T10:57:56+00:00","mainEntityOfPage":{"@id":"https:\/\/jordibordas.com\/fr\/blog\/por-que-mi-pastel-pierde-agua-durante-la-descongelacion-hablemos-de-sineresis\/"},"wordCount":1156,"publisher":{"@id":"https:\/\/jordibordas.com\/fr\/#organization"},"image":{"@id":"https:\/\/jordibordas.com\/fr\/blog\/por-que-mi-pastel-pierde-agua-durante-la-descongelacion-hablemos-de-sineresis\/#primaryimage"},"thumbnailUrl":"https:\/\/jordibordas.com\/fr\/wp-content\/uploads\/sites\/6\/2020\/11\/Sineresis-pasteleria-jordibordas.jpg","keywords":["INGREDIENTES DE PASTELER\u00cdA","SIN\u00c9RESIS"],"articleSection":["B\u00b7Concept","Webinars"],"inLanguage":"fr-FR"},{"@type":"WebPage","@id":"https:\/\/jordibordas.com\/fr\/blog\/por-que-mi-pastel-pierde-agua-durante-la-descongelacion-hablemos-de-sineresis\/","url":"https:\/\/jordibordas.com\/fr\/blog\/por-que-mi-pastel-pierde-agua-durante-la-descongelacion-hablemos-de-sineresis\/","name":"\u00bfPor qu\u00e9 mi pastel pierde agua durante la descongelaci\u00f3n? Hablemos de sin\u00e9resis - Jordi Bordas \u00c9cole de P\u00e2tisserie","isPartOf":{"@id":"https:\/\/jordibordas.com\/fr\/#website"},"primaryImageOfPage":{"@id":"https:\/\/jordibordas.com\/fr\/blog\/por-que-mi-pastel-pierde-agua-durante-la-descongelacion-hablemos-de-sineresis\/#primaryimage"},"image":{"@id":"https:\/\/jordibordas.com\/fr\/blog\/por-que-mi-pastel-pierde-agua-durante-la-descongelacion-hablemos-de-sineresis\/#primaryimage"},"thumbnailUrl":"https:\/\/jordibordas.com\/fr\/wp-content\/uploads\/sites\/6\/2020\/11\/Sineresis-pasteleria-jordibordas.jpg","datePublished":"2020-11-06T00:00:00+00:00","dateModified":"2023-02-07T10:57:56+00:00","description":"Un problema muy habitual que nos encontramos en pasteler\u00eda es la p\u00e9rdida de l\u00edquido al someter una tarta al proceso de congelaci\u00f3n y descongelaci\u00f3n.","breadcrumb":{"@id":"https:\/\/jordibordas.com\/fr\/blog\/por-que-mi-pastel-pierde-agua-durante-la-descongelacion-hablemos-de-sineresis\/#breadcrumb"},"inLanguage":"fr-FR","potentialAction":[{"@type":"ReadAction","target":["https:\/\/jordibordas.com\/fr\/blog\/por-que-mi-pastel-pierde-agua-durante-la-descongelacion-hablemos-de-sineresis\/"]}]},{"@type":"ImageObject","inLanguage":"fr-FR","@id":"https:\/\/jordibordas.com\/fr\/blog\/por-que-mi-pastel-pierde-agua-durante-la-descongelacion-hablemos-de-sineresis\/#primaryimage","url":"https:\/\/jordibordas.com\/fr\/wp-content\/uploads\/sites\/6\/2020\/11\/Sineresis-pasteleria-jordibordas.jpg","contentUrl":"https:\/\/jordibordas.com\/fr\/wp-content\/uploads\/sites\/6\/2020\/11\/Sineresis-pasteleria-jordibordas.jpg","width":1528,"height":883},{"@type":"BreadcrumbList","@id":"https:\/\/jordibordas.com\/fr\/blog\/por-que-mi-pastel-pierde-agua-durante-la-descongelacion-hablemos-de-sineresis\/#breadcrumb","itemListElement":[{"@type":"ListItem","position":1,"name":"Portada","item":"https:\/\/jordibordas.com\/fr\/"},{"@type":"ListItem","position":2,"name":"\u00bfPor qu\u00e9 mi pastel pierde agua durante la descongelaci\u00f3n? Hablemos de sin\u00e9resis"}]},{"@type":"WebSite","@id":"https:\/\/jordibordas.com\/fr\/#website","url":"https:\/\/jordibordas.com\/fr\/","name":"Jordi Bordas \u00c9cole de P\u00e2tisserie","description":"Innovative Pastry Education","publisher":{"@id":"https:\/\/jordibordas.com\/fr\/#organization"},"potentialAction":[{"@type":"SearchAction","target":{"@type":"EntryPoint","urlTemplate":"https:\/\/jordibordas.com\/fr\/?s={search_term_string}"},"query-input":{"@type":"PropertyValueSpecification","valueRequired":true,"valueName":"search_term_string"}}],"inLanguage":"fr-FR"},{"@type":"Organization","@id":"https:\/\/jordibordas.com\/fr\/#organization","name":"Jordi Bordas","url":"https:\/\/jordibordas.com\/fr\/","logo":{"@type":"ImageObject","inLanguage":"fr-FR","@id":"https:\/\/jordibordas.com\/fr\/#\/schema\/logo\/image\/","url":"https:\/\/jordibordas.com\/fr\/wp-content\/uploads\/sites\/6\/2020\/11\/logo.svg","contentUrl":"https:\/\/jordibordas.com\/fr\/wp-content\/uploads\/sites\/6\/2020\/11\/logo.svg","width":274,"height":68,"caption":"Jordi Bordas"},"image":{"@id":"https:\/\/jordibordas.com\/fr\/#\/schema\/logo\/image\/"}},{"@type":"Person","@id":"https:\/\/jordibordas.com\/fr\/#\/schema\/person\/4c129965cd215c29c2bf9904a99558fc","name":"Andreu Llos","image":{"@type":"ImageObject","inLanguage":"fr-FR","@id":"https:\/\/secure.gravatar.com\/avatar\/38f1710b7ada9cb031afb55bff45817f143307d725c09c761e1b46fe4f9acbaa?s=96&d=mm&r=g","url":"https:\/\/secure.gravatar.com\/avatar\/38f1710b7ada9cb031afb55bff45817f143307d725c09c761e1b46fe4f9acbaa?s=96&d=mm&r=g","contentUrl":"https:\/\/secure.gravatar.com\/avatar\/38f1710b7ada9cb031afb55bff45817f143307d725c09c761e1b46fe4f9acbaa?s=96&d=mm&r=g","caption":"Andreu Llos"}}]}},"_links":{"self":[{"href":"https:\/\/jordibordas.com\/fr\/wp-json\/wp\/v2\/posts\/2806","targetHints":{"allow":["GET"]}}],"collection":[{"href":"https:\/\/jordibordas.com\/fr\/wp-json\/wp\/v2\/posts"}],"about":[{"href":"https:\/\/jordibordas.com\/fr\/wp-json\/wp\/v2\/types\/post"}],"author":[{"embeddable":true,"href":"https:\/\/jordibordas.com\/fr\/wp-json\/wp\/v2\/users\/2"}],"replies":[{"embeddable":true,"href":"https:\/\/jordibordas.com\/fr\/wp-json\/wp\/v2\/comments?post=2806"}],"version-history":[{"count":6,"href":"https:\/\/jordibordas.com\/fr\/wp-json\/wp\/v2\/posts\/2806\/revisions"}],"predecessor-version":[{"id":18291,"href":"https:\/\/jordibordas.com\/fr\/wp-json\/wp\/v2\/posts\/2806\/revisions\/18291"}],"wp:featuredmedia":[{"embeddable":true,"href":"https:\/\/jordibordas.com\/fr\/wp-json\/wp\/v2\/media\/3353"}],"wp:attachment":[{"href":"https:\/\/jordibordas.com\/fr\/wp-json\/wp\/v2\/media?parent=2806"}],"wp:term":[{"taxonomy":"category","embeddable":true,"href":"https:\/\/jordibordas.com\/fr\/wp-json\/wp\/v2\/categories?post=2806"},{"taxonomy":"post_tag","embeddable":true,"href":"https:\/\/jordibordas.com\/fr\/wp-json\/wp\/v2\/tags?post=2806"}],"curies":[{"name":"wp","href":"https:\/\/api.w.org\/{rel}","templated":true}]}}