{"id":6449,"date":"2021-12-15T07:58:47","date_gmt":"2021-12-15T07:58:47","guid":{"rendered":"https:\/\/jordibordas.com\/fr\/?p=6449"},"modified":"2022-07-21T09:11:37","modified_gmt":"2022-07-21T07:11:37","slug":"presentamos-nuestra-coleccion-de-soles-y-panettones-en-el-festivalet","status":"publish","type":"post","link":"https:\/\/jordibordas.com\/fr\/blog\/presentamos-nuestra-coleccion-de-soles-y-panettones-en-el-festivalet\/","title":{"rendered":"Presentamos nuestra colecci\u00f3n de Soles y Panettones en el Festivalet"},"content":{"rendered":"\n<p>El pasado fin de semana presentamos nuestra colecci\u00f3n de Soles y Panettones en el <a href=\"https:\/\/festivalet.com\/\">Festivalet<\/a>, una feria que re\u00fane a artesanos y dise\u00f1adores independientes a nivel nacional e internacional.<\/p>\n\n\n\n<p>Llev\u00e1bamos tiempo trabajando en un producto para el cliente final que estuviera alineado con nuestros <strong>valores principales<\/strong>:<\/p>\n\n\n\n<p>\ud83c\udf4f Nutritivo, rico en fibra, vitaminas y minerales.<br>\ud83d\udc45 Con un sabor y una textura incre\u00edbles.<br>\ud83c\udf31 Adaptado a las tendencias y a las necesidades m\u00e1s habituales de consumo (vegano y sin gluten).<br>\u2728 Que brille y te haga brillar.<\/p>\n\n\n\n<p>Es por eso por lo que decidimos crear nuestros Soles, una colecci\u00f3n de dulces que son bienestar, energ\u00eda y celebraci\u00f3n, y su forma te invita a compartirlos a tri\u00e1ngulos, \u00a1como un pastel! Ideal para esta \u00e9poca del a\u00f1o, \u00bfverdad?<\/p>\n\n\n\n<div style=\"height:40px\" aria-hidden=\"true\" class=\"wp-block-spacer\"><\/div>\n\n\n\n<div class=\"wp-block-columns is-layout-flex wp-container-core-columns-is-layout-9d6595d7 wp-block-columns-is-layout-flex\">\n<div class=\"wp-block-column is-layout-flow wp-block-column-is-layout-flow\">\n<figure class=\"wp-block-image size-large\"><img loading=\"lazy\" decoding=\"async\" width=\"768\" height=\"1024\" src=\"https:\/\/jordibordas.com\/fr\/wp-content\/uploads\/sites\/6\/2021\/12\/image00052-2-768x1024.jpeg\" alt=\"\" class=\"wp-image-6450\" srcset=\"https:\/\/jordibordas.com\/fr\/wp-content\/uploads\/sites\/6\/2021\/12\/image00052-2-768x1024.jpeg 768w, https:\/\/jordibordas.com\/fr\/wp-content\/uploads\/sites\/6\/2021\/12\/image00052-2-225x300.jpeg 225w, https:\/\/jordibordas.com\/fr\/wp-content\/uploads\/sites\/6\/2021\/12\/image00052-2-1152x1536.jpeg 1152w, https:\/\/jordibordas.com\/fr\/wp-content\/uploads\/sites\/6\/2021\/12\/image00052-2-1536x2048.jpeg 1536w, https:\/\/jordibordas.com\/fr\/wp-content\/uploads\/sites\/6\/2021\/12\/image00052-2-2000x2667.jpeg 2000w, https:\/\/jordibordas.com\/fr\/wp-content\/uploads\/sites\/6\/2021\/12\/image00052-2-1330x1773.jpeg 1330w, https:\/\/jordibordas.com\/fr\/wp-content\/uploads\/sites\/6\/2021\/12\/image00052-2-665x887.jpeg 665w, https:\/\/jordibordas.com\/fr\/wp-content\/uploads\/sites\/6\/2021\/12\/image00052-2-600x800.jpeg 600w, https:\/\/jordibordas.com\/fr\/wp-content\/uploads\/sites\/6\/2021\/12\/image00052-2-scaled.jpeg 1920w\" sizes=\"auto, (max-width: 768px) 100vw, 768px\" \/><\/figure>\n<\/div>\n\n\n\n<div class=\"wp-block-column is-layout-flow wp-block-column-is-layout-flow\">\n<figure class=\"wp-block-image size-large\"><img loading=\"lazy\" decoding=\"async\" width=\"768\" height=\"1024\" src=\"https:\/\/jordibordas.com\/fr\/wp-content\/uploads\/sites\/6\/2021\/12\/image00042-2-768x1024.jpeg\" alt=\"\" class=\"wp-image-6452\" srcset=\"https:\/\/jordibordas.com\/fr\/wp-content\/uploads\/sites\/6\/2021\/12\/image00042-2-768x1024.jpeg 768w, https:\/\/jordibordas.com\/fr\/wp-content\/uploads\/sites\/6\/2021\/12\/image00042-2-225x300.jpeg 225w, https:\/\/jordibordas.com\/fr\/wp-content\/uploads\/sites\/6\/2021\/12\/image00042-2-1152x1536.jpeg 1152w, https:\/\/jordibordas.com\/fr\/wp-content\/uploads\/sites\/6\/2021\/12\/image00042-2-1536x2048.jpeg 1536w, https:\/\/jordibordas.com\/fr\/wp-content\/uploads\/sites\/6\/2021\/12\/image00042-2-2000x2667.jpeg 2000w, https:\/\/jordibordas.com\/fr\/wp-content\/uploads\/sites\/6\/2021\/12\/image00042-2-1330x1773.jpeg 1330w, https:\/\/jordibordas.com\/fr\/wp-content\/uploads\/sites\/6\/2021\/12\/image00042-2-665x887.jpeg 665w, https:\/\/jordibordas.com\/fr\/wp-content\/uploads\/sites\/6\/2021\/12\/image00042-2-600x800.jpeg 600w, https:\/\/jordibordas.com\/fr\/wp-content\/uploads\/sites\/6\/2021\/12\/image00042-2-scaled.jpeg 1920w\" sizes=\"auto, (max-width: 768px) 100vw, 768px\" \/><\/figure>\n<\/div>\n<\/div>\n\n\n\n<p>Adem\u00e1s, te acompa\u00f1an all\u00e1 donde vayas, pues son de amanecer, de atardecer o de cualquier estaci\u00f3n del a\u00f1o, cada uno con un <strong>sabor distinto<\/strong>:<\/p>\n\n\n\n<p>\ud83c\udf6b Amanecer. Chocolate negro, pralin\u00e9 de cacao y flor de sal Maldon.<br>\ud83e\udd5c Primavera. Chocolate negro, pralin\u00e9 de cacahuete y cacao, y vainilla.<br>\ud83e\udd65 Verano. Chocolate blanco vegano, cremoso de mango, y crujiente de coco y lima.<br>\ud83c\udf53 Oto\u00f1o. Chocolate blanco vegano, cremoso de fresa y grosella negra.<br>\ud83c\udf4b Invierno. Chocolate con leche vegano, pralin\u00e9 de avellana y gelificado de yuzu.<br>\ud83c\udf4a Atardecer. Chocolate con leche vegano, pralin\u00e9 de s\u00e9samo y gelificado de mandarina.<\/p>\n\n\n\n<div style=\"height:40px\" aria-hidden=\"true\" class=\"wp-block-spacer\"><\/div>\n\n\n\n<div class=\"wp-block-columns is-layout-flex wp-container-core-columns-is-layout-9d6595d7 wp-block-columns-is-layout-flex\">\n<div class=\"wp-block-column is-layout-flow wp-block-column-is-layout-flow\">\n<figure class=\"wp-block-image size-large\"><img loading=\"lazy\" decoding=\"async\" width=\"768\" height=\"1024\" src=\"https:\/\/jordibordas.com\/fr\/wp-content\/uploads\/sites\/6\/2021\/12\/image00046-2-1-768x1024.jpeg\" alt=\"\" class=\"wp-image-6464\" srcset=\"https:\/\/jordibordas.com\/fr\/wp-content\/uploads\/sites\/6\/2021\/12\/image00046-2-1-768x1024.jpeg 768w, https:\/\/jordibordas.com\/fr\/wp-content\/uploads\/sites\/6\/2021\/12\/image00046-2-1-225x300.jpeg 225w, https:\/\/jordibordas.com\/fr\/wp-content\/uploads\/sites\/6\/2021\/12\/image00046-2-1-1152x1536.jpeg 1152w, https:\/\/jordibordas.com\/fr\/wp-content\/uploads\/sites\/6\/2021\/12\/image00046-2-1-1536x2048.jpeg 1536w, https:\/\/jordibordas.com\/fr\/wp-content\/uploads\/sites\/6\/2021\/12\/image00046-2-1-2000x2667.jpeg 2000w, https:\/\/jordibordas.com\/fr\/wp-content\/uploads\/sites\/6\/2021\/12\/image00046-2-1-1330x1773.jpeg 1330w, https:\/\/jordibordas.com\/fr\/wp-content\/uploads\/sites\/6\/2021\/12\/image00046-2-1-665x887.jpeg 665w, https:\/\/jordibordas.com\/fr\/wp-content\/uploads\/sites\/6\/2021\/12\/image00046-2-1-600x800.jpeg 600w, https:\/\/jordibordas.com\/fr\/wp-content\/uploads\/sites\/6\/2021\/12\/image00046-2-1-scaled.jpeg 1920w\" sizes=\"auto, (max-width: 768px) 100vw, 768px\" \/><\/figure>\n<\/div>\n<\/div>\n\n\n\n<p>Junto a la colecci\u00f3n de Soles, tambi\u00e9n pod\u00edas adquirir nuestra gama de Panettones de chocolate y de frutas y <a href=\"https:\/\/jordibordas.com\/fr\/s\/producto\/libro-pasteleria-mas-saludable-ligera-y-sabrosa\/\" target=\"_blank\" rel=\"noreferrer noopener\">nuestro libro<\/a> \u201cPasteler\u00eda m\u00e1s saludable, ligera y sabrosa\u201d. \u00a1Estamos muy felices por la gran acogida que han tenido todos los productos y por todos los mensajes que hemos recibido despu\u00e9s de degustar algunos de ellos!<\/p>\n\n\n\n<div style=\"height:40px\" aria-hidden=\"true\" class=\"wp-block-spacer\"><\/div>\n\n\n\n<div class=\"wp-block-columns is-layout-flex wp-container-core-columns-is-layout-9d6595d7 wp-block-columns-is-layout-flex\">\n<div class=\"wp-block-column is-layout-flow wp-block-column-is-layout-flow\">\n<figure class=\"wp-block-image size-large\"><img loading=\"lazy\" decoding=\"async\" width=\"768\" height=\"1024\" src=\"https:\/\/jordibordas.com\/fr\/wp-content\/uploads\/sites\/6\/2021\/12\/image00008-768x1024.jpeg\" alt=\"\" class=\"wp-image-6458\" srcset=\"https:\/\/jordibordas.com\/fr\/wp-content\/uploads\/sites\/6\/2021\/12\/image00008-768x1024.jpeg 768w, https:\/\/jordibordas.com\/fr\/wp-content\/uploads\/sites\/6\/2021\/12\/image00008-225x300.jpeg 225w, https:\/\/jordibordas.com\/fr\/wp-content\/uploads\/sites\/6\/2021\/12\/image00008-1152x1536.jpeg 1152w, https:\/\/jordibordas.com\/fr\/wp-content\/uploads\/sites\/6\/2021\/12\/image00008-1536x2048.jpeg 1536w, https:\/\/jordibordas.com\/fr\/wp-content\/uploads\/sites\/6\/2021\/12\/image00008-2000x2667.jpeg 2000w, https:\/\/jordibordas.com\/fr\/wp-content\/uploads\/sites\/6\/2021\/12\/image00008-1330x1773.jpeg 1330w, https:\/\/jordibordas.com\/fr\/wp-content\/uploads\/sites\/6\/2021\/12\/image00008-665x887.jpeg 665w, https:\/\/jordibordas.com\/fr\/wp-content\/uploads\/sites\/6\/2021\/12\/image00008-600x800.jpeg 600w, https:\/\/jordibordas.com\/fr\/wp-content\/uploads\/sites\/6\/2021\/12\/image00008-scaled.jpeg 1920w\" sizes=\"auto, (max-width: 768px) 100vw, 768px\" \/><\/figure>\n<\/div>\n\n\n\n<div class=\"wp-block-column is-layout-flow wp-block-column-is-layout-flow\">\n<figure class=\"wp-block-image size-large\"><img loading=\"lazy\" decoding=\"async\" width=\"768\" height=\"1024\" src=\"https:\/\/jordibordas.com\/fr\/wp-content\/uploads\/sites\/6\/2021\/12\/image00010-2-768x1024.jpeg\" alt=\"\" class=\"wp-image-6460\" srcset=\"https:\/\/jordibordas.com\/fr\/wp-content\/uploads\/sites\/6\/2021\/12\/image00010-2-768x1024.jpeg 768w, https:\/\/jordibordas.com\/fr\/wp-content\/uploads\/sites\/6\/2021\/12\/image00010-2-225x300.jpeg 225w, https:\/\/jordibordas.com\/fr\/wp-content\/uploads\/sites\/6\/2021\/12\/image00010-2-1152x1536.jpeg 1152w, https:\/\/jordibordas.com\/fr\/wp-content\/uploads\/sites\/6\/2021\/12\/image00010-2-1536x2048.jpeg 1536w, https:\/\/jordibordas.com\/fr\/wp-content\/uploads\/sites\/6\/2021\/12\/image00010-2-2000x2667.jpeg 2000w, https:\/\/jordibordas.com\/fr\/wp-content\/uploads\/sites\/6\/2021\/12\/image00010-2-1330x1773.jpeg 1330w, https:\/\/jordibordas.com\/fr\/wp-content\/uploads\/sites\/6\/2021\/12\/image00010-2-665x887.jpeg 665w, https:\/\/jordibordas.com\/fr\/wp-content\/uploads\/sites\/6\/2021\/12\/image00010-2-600x800.jpeg 600w, https:\/\/jordibordas.com\/fr\/wp-content\/uploads\/sites\/6\/2021\/12\/image00010-2-scaled.jpeg 1920w\" sizes=\"auto, (max-width: 768px) 100vw, 768px\" \/><\/figure>\n<\/div>\n<\/div>\n\n\n\n<p>Ha sido incre\u00edble poder conocer a todas las personas que nos segu\u00eds y apoy\u00e1is cada d\u00eda. Tanto grandes como peque\u00f1os probaban y disfrutaban de nuestros productos en familia. Por si fuera poco, los m\u00e1s golosos vinieron el s\u00e1bado y se quedaron con ganas de m\u00e1s, por lo que repitieron al d\u00eda siguiente. \u00a1Incre\u00edble!<\/p>\n\n\n\n<p>Finalmente, queremos agradecer a Festivalet por crear un espacio de encuentro de gente que valora tanto el trabajo artesano. Fueron dos d\u00edas muy intensos pero gratificantes a la vez y esperamos poder repetirlo muy pronto. \ud83e\udd0e<\/p>\n\n\n\n<p><\/p>\n","protected":false},"excerpt":{"rendered":"<p>El pasado fin de semana presentamos nuestra colecci\u00f3n de Soles y Panettones en el Festivalet, una feria que re\u00fane a artesanos y dise\u00f1adores independientes a nivel nacional e internacional. Llev\u00e1bamos tiempo trabajando en un producto para el cliente final que estuviera alineado con nuestros valores principales: \ud83c\udf4f Nutritivo, rico en fibra, vitaminas y minerales.\ud83d\udc45 Con [&hellip;]<\/p>\n","protected":false},"author":8,"featured_media":6474,"comment_status":"open","ping_status":"open","sticky":false,"template":"","format":"standard","meta":{"_acf_changed":false,"_bbp_topic_count":0,"_bbp_reply_count":0,"_bbp_total_topic_count":0,"_bbp_total_reply_count":0,"_bbp_voice_count":0,"_bbp_anonymous_reply_count":0,"_bbp_topic_count_hidden":0,"_bbp_reply_count_hidden":0,"_bbp_forum_subforum_count":0,"_themeisle_gutenberg_block_has_review":false,"footnotes":""},"categories":[38,7],"tags":[83,25,72,62,80],"class_list":["post-6449","post","type-post","status-publish","format-standard","has-post-thumbnail","hentry","category-eventos","category-recetas","tag-chocolate","tag-ingredientes-de-pasteleria","tag-libros-de-pasteleria","tag-recetas-de-pasteleria","tag-recetas-veganas"],"acf":[],"yoast_head":"<!-- This site is optimized with the Yoast SEO plugin v27.4 - https:\/\/yoast.com\/product\/yoast-seo-wordpress\/ -->\n<title>Presentamos nuestra colecci\u00f3n de Soles y Panettones en el Festivalet - Jordi Bordas \u00c9cole de P\u00e2tisserie<\/title>\n<meta name=\"description\" content=\"El pasado fin de semana presentamos nuestra colecci\u00f3n de Soles y Panettones en el Festivalet, una feria que re\u00fane a artesanos y dise\u00f1adores.\" \/>\n<meta name=\"robots\" content=\"index, follow, max-snippet:-1, max-image-preview:large, max-video-preview:-1\" \/>\n<link rel=\"canonical\" href=\"https:\/\/jordibordas.com\/fr\/blog\/presentamos-nuestra-coleccion-de-soles-y-panettones-en-el-festivalet\/\" \/>\n<meta property=\"og:locale\" content=\"fr_FR\" \/>\n<meta property=\"og:type\" content=\"article\" \/>\n<meta property=\"og:title\" content=\"Presentamos nuestra colecci\u00f3n de Soles y Panettones en el Festivalet - Jordi Bordas \u00c9cole de P\u00e2tisserie\" \/>\n<meta property=\"og:description\" content=\"El pasado fin de semana presentamos nuestra colecci\u00f3n de Soles y Panettones en el Festivalet, una feria que re\u00fane a artesanos y dise\u00f1adores.\" \/>\n<meta property=\"og:url\" content=\"https:\/\/jordibordas.com\/fr\/blog\/presentamos-nuestra-coleccion-de-soles-y-panettones-en-el-festivalet\/\" \/>\n<meta property=\"og:site_name\" content=\"Jordi Bordas \u00c9cole de P\u00e2tisserie\" \/>\n<meta property=\"article:published_time\" content=\"2021-12-15T07:58:47+00:00\" \/>\n<meta property=\"article:modified_time\" content=\"2022-07-21T07:11:37+00:00\" \/>\n<meta property=\"og:image\" content=\"https:\/\/jordibordas.com\/fr\/wp-content\/uploads\/sites\/6\/2021\/12\/Packs_02-1024x683.jpg\" \/>\n\t<meta property=\"og:image:width\" content=\"1024\" \/>\n\t<meta property=\"og:image:height\" content=\"683\" \/>\n\t<meta property=\"og:image:type\" content=\"image\/jpeg\" \/>\n<meta name=\"author\" content=\"Jordi Bordas\" \/>\n<meta name=\"twitter:card\" content=\"summary_large_image\" \/>\n<meta name=\"twitter:label1\" content=\"\u00c9crit par\" \/>\n\t<meta name=\"twitter:data1\" content=\"Jordi Bordas\" \/>\n\t<meta name=\"twitter:label2\" content=\"Dur\u00e9e de lecture estim\u00e9e\" \/>\n\t<meta name=\"twitter:data2\" content=\"3 minutes\" \/>\n<script type=\"application\/ld+json\" class=\"yoast-schema-graph\">{\"@context\":\"https:\\\/\\\/schema.org\",\"@graph\":[{\"@type\":\"Article\",\"@id\":\"https:\\\/\\\/jordibordas.com\\\/fr\\\/blog\\\/presentamos-nuestra-coleccion-de-soles-y-panettones-en-el-festivalet\\\/#article\",\"isPartOf\":{\"@id\":\"https:\\\/\\\/jordibordas.com\\\/fr\\\/blog\\\/presentamos-nuestra-coleccion-de-soles-y-panettones-en-el-festivalet\\\/\"},\"author\":{\"name\":\"Jordi Bordas\",\"@id\":\"https:\\\/\\\/jordibordas.com\\\/fr\\\/#\\\/schema\\\/person\\\/e258d3dedfb9998c9338c0ee02ecf429\"},\"headline\":\"Presentamos nuestra colecci\u00f3n de Soles y Panettones en el Festivalet\",\"datePublished\":\"2021-12-15T07:58:47+00:00\",\"dateModified\":\"2022-07-21T07:11:37+00:00\",\"mainEntityOfPage\":{\"@id\":\"https:\\\/\\\/jordibordas.com\\\/fr\\\/blog\\\/presentamos-nuestra-coleccion-de-soles-y-panettones-en-el-festivalet\\\/\"},\"wordCount\":400,\"commentCount\":0,\"publisher\":{\"@id\":\"https:\\\/\\\/jordibordas.com\\\/fr\\\/#organization\"},\"image\":{\"@id\":\"https:\\\/\\\/jordibordas.com\\\/fr\\\/blog\\\/presentamos-nuestra-coleccion-de-soles-y-panettones-en-el-festivalet\\\/#primaryimage\"},\"thumbnailUrl\":\"https:\\\/\\\/jordibordas.com\\\/fr\\\/wp-content\\\/uploads\\\/sites\\\/6\\\/2021\\\/12\\\/Packs_02.jpg\",\"keywords\":[\"CHOCOLATE\",\"INGREDIENTES DE PASTELER\u00cdA\",\"LIBROS DE PASTELER\u00cdA\",\"RECETAS DE PASTELER\u00cdA\",\"RECETAS VEGANAS\"],\"articleSection\":[\"Eventos\",\"Recetas\"],\"inLanguage\":\"fr-FR\",\"potentialAction\":[{\"@type\":\"CommentAction\",\"name\":\"Comment\",\"target\":[\"https:\\\/\\\/jordibordas.com\\\/fr\\\/blog\\\/presentamos-nuestra-coleccion-de-soles-y-panettones-en-el-festivalet\\\/#respond\"]}]},{\"@type\":\"WebPage\",\"@id\":\"https:\\\/\\\/jordibordas.com\\\/fr\\\/blog\\\/presentamos-nuestra-coleccion-de-soles-y-panettones-en-el-festivalet\\\/\",\"url\":\"https:\\\/\\\/jordibordas.com\\\/fr\\\/blog\\\/presentamos-nuestra-coleccion-de-soles-y-panettones-en-el-festivalet\\\/\",\"name\":\"Presentamos nuestra colecci\u00f3n de Soles y Panettones en el Festivalet - Jordi Bordas \u00c9cole de P\u00e2tisserie\",\"isPartOf\":{\"@id\":\"https:\\\/\\\/jordibordas.com\\\/fr\\\/#website\"},\"primaryImageOfPage\":{\"@id\":\"https:\\\/\\\/jordibordas.com\\\/fr\\\/blog\\\/presentamos-nuestra-coleccion-de-soles-y-panettones-en-el-festivalet\\\/#primaryimage\"},\"image\":{\"@id\":\"https:\\\/\\\/jordibordas.com\\\/fr\\\/blog\\\/presentamos-nuestra-coleccion-de-soles-y-panettones-en-el-festivalet\\\/#primaryimage\"},\"thumbnailUrl\":\"https:\\\/\\\/jordibordas.com\\\/fr\\\/wp-content\\\/uploads\\\/sites\\\/6\\\/2021\\\/12\\\/Packs_02.jpg\",\"datePublished\":\"2021-12-15T07:58:47+00:00\",\"dateModified\":\"2022-07-21T07:11:37+00:00\",\"description\":\"El pasado fin de semana presentamos nuestra colecci\u00f3n de Soles y Panettones en el Festivalet, una feria que re\u00fane a artesanos y dise\u00f1adores.\",\"breadcrumb\":{\"@id\":\"https:\\\/\\\/jordibordas.com\\\/fr\\\/blog\\\/presentamos-nuestra-coleccion-de-soles-y-panettones-en-el-festivalet\\\/#breadcrumb\"},\"inLanguage\":\"fr-FR\",\"potentialAction\":[{\"@type\":\"ReadAction\",\"target\":[\"https:\\\/\\\/jordibordas.com\\\/fr\\\/blog\\\/presentamos-nuestra-coleccion-de-soles-y-panettones-en-el-festivalet\\\/\"]}]},{\"@type\":\"ImageObject\",\"inLanguage\":\"fr-FR\",\"@id\":\"https:\\\/\\\/jordibordas.com\\\/fr\\\/blog\\\/presentamos-nuestra-coleccion-de-soles-y-panettones-en-el-festivalet\\\/#primaryimage\",\"url\":\"https:\\\/\\\/jordibordas.com\\\/fr\\\/wp-content\\\/uploads\\\/sites\\\/6\\\/2021\\\/12\\\/Packs_02.jpg\",\"contentUrl\":\"https:\\\/\\\/jordibordas.com\\\/fr\\\/wp-content\\\/uploads\\\/sites\\\/6\\\/2021\\\/12\\\/Packs_02.jpg\",\"width\":7775,\"height\":5186},{\"@type\":\"BreadcrumbList\",\"@id\":\"https:\\\/\\\/jordibordas.com\\\/fr\\\/blog\\\/presentamos-nuestra-coleccion-de-soles-y-panettones-en-el-festivalet\\\/#breadcrumb\",\"itemListElement\":[{\"@type\":\"ListItem\",\"position\":1,\"name\":\"Portada\",\"item\":\"https:\\\/\\\/jordibordas.com\\\/fr\\\/\"},{\"@type\":\"ListItem\",\"position\":2,\"name\":\"Presentamos nuestra colecci\u00f3n de Soles y Panettones en el Festivalet\"}]},{\"@type\":\"WebSite\",\"@id\":\"https:\\\/\\\/jordibordas.com\\\/fr\\\/#website\",\"url\":\"https:\\\/\\\/jordibordas.com\\\/fr\\\/\",\"name\":\"Jordi Bordas \u00c9cole de P\u00e2tisserie\",\"description\":\"Innovative Pastry Education\",\"publisher\":{\"@id\":\"https:\\\/\\\/jordibordas.com\\\/fr\\\/#organization\"},\"potentialAction\":[{\"@type\":\"SearchAction\",\"target\":{\"@type\":\"EntryPoint\",\"urlTemplate\":\"https:\\\/\\\/jordibordas.com\\\/fr\\\/?s={search_term_string}\"},\"query-input\":{\"@type\":\"PropertyValueSpecification\",\"valueRequired\":true,\"valueName\":\"search_term_string\"}}],\"inLanguage\":\"fr-FR\"},{\"@type\":\"Organization\",\"@id\":\"https:\\\/\\\/jordibordas.com\\\/fr\\\/#organization\",\"name\":\"Jordi Bordas\",\"url\":\"https:\\\/\\\/jordibordas.com\\\/fr\\\/\",\"logo\":{\"@type\":\"ImageObject\",\"inLanguage\":\"fr-FR\",\"@id\":\"https:\\\/\\\/jordibordas.com\\\/fr\\\/#\\\/schema\\\/logo\\\/image\\\/\",\"url\":\"https:\\\/\\\/jordibordas.com\\\/fr\\\/wp-content\\\/uploads\\\/sites\\\/6\\\/2020\\\/11\\\/logo.svg\",\"contentUrl\":\"https:\\\/\\\/jordibordas.com\\\/fr\\\/wp-content\\\/uploads\\\/sites\\\/6\\\/2020\\\/11\\\/logo.svg\",\"width\":274,\"height\":68,\"caption\":\"Jordi Bordas\"},\"image\":{\"@id\":\"https:\\\/\\\/jordibordas.com\\\/fr\\\/#\\\/schema\\\/logo\\\/image\\\/\"}},{\"@type\":\"Person\",\"@id\":\"https:\\\/\\\/jordibordas.com\\\/fr\\\/#\\\/schema\\\/person\\\/e258d3dedfb9998c9338c0ee02ecf429\",\"name\":\"Jordi Bordas\",\"image\":{\"@type\":\"ImageObject\",\"inLanguage\":\"fr-FR\",\"@id\":\"https:\\\/\\\/secure.gravatar.com\\\/avatar\\\/e834c88a47f9e573e74d3dcf46636654875c577e557d6d4e85dd5c58bccd37b2?s=96&d=mm&r=g\",\"url\":\"https:\\\/\\\/secure.gravatar.com\\\/avatar\\\/e834c88a47f9e573e74d3dcf46636654875c577e557d6d4e85dd5c58bccd37b2?s=96&d=mm&r=g\",\"contentUrl\":\"https:\\\/\\\/secure.gravatar.com\\\/avatar\\\/e834c88a47f9e573e74d3dcf46636654875c577e557d6d4e85dd5c58bccd37b2?s=96&d=mm&r=g\",\"caption\":\"Jordi Bordas\"}}]}<\/script>\n<!-- \/ Yoast SEO plugin. -->","yoast_head_json":{"title":"Presentamos nuestra colecci\u00f3n de Soles y Panettones en el Festivalet - Jordi Bordas \u00c9cole de P\u00e2tisserie","description":"El pasado fin de semana presentamos nuestra colecci\u00f3n de Soles y Panettones en el Festivalet, una feria que re\u00fane a artesanos y dise\u00f1adores.","robots":{"index":"index","follow":"follow","max-snippet":"max-snippet:-1","max-image-preview":"max-image-preview:large","max-video-preview":"max-video-preview:-1"},"canonical":"https:\/\/jordibordas.com\/fr\/blog\/presentamos-nuestra-coleccion-de-soles-y-panettones-en-el-festivalet\/","og_locale":"fr_FR","og_type":"article","og_title":"Presentamos nuestra colecci\u00f3n de Soles y Panettones en el Festivalet - Jordi Bordas \u00c9cole de P\u00e2tisserie","og_description":"El pasado fin de semana presentamos nuestra colecci\u00f3n de Soles y Panettones en el Festivalet, una feria que re\u00fane a artesanos y dise\u00f1adores.","og_url":"https:\/\/jordibordas.com\/fr\/blog\/presentamos-nuestra-coleccion-de-soles-y-panettones-en-el-festivalet\/","og_site_name":"Jordi Bordas \u00c9cole de P\u00e2tisserie","article_published_time":"2021-12-15T07:58:47+00:00","article_modified_time":"2022-07-21T07:11:37+00:00","og_image":[{"width":1024,"height":683,"url":"https:\/\/jordibordas.com\/fr\/wp-content\/uploads\/sites\/6\/2021\/12\/Packs_02-1024x683.jpg","type":"image\/jpeg"}],"author":"Jordi Bordas","twitter_card":"summary_large_image","twitter_misc":{"\u00c9crit par":"Jordi Bordas","Dur\u00e9e de lecture estim\u00e9e":"3 minutes"},"schema":{"@context":"https:\/\/schema.org","@graph":[{"@type":"Article","@id":"https:\/\/jordibordas.com\/fr\/blog\/presentamos-nuestra-coleccion-de-soles-y-panettones-en-el-festivalet\/#article","isPartOf":{"@id":"https:\/\/jordibordas.com\/fr\/blog\/presentamos-nuestra-coleccion-de-soles-y-panettones-en-el-festivalet\/"},"author":{"name":"Jordi Bordas","@id":"https:\/\/jordibordas.com\/fr\/#\/schema\/person\/e258d3dedfb9998c9338c0ee02ecf429"},"headline":"Presentamos nuestra colecci\u00f3n de Soles y Panettones en el Festivalet","datePublished":"2021-12-15T07:58:47+00:00","dateModified":"2022-07-21T07:11:37+00:00","mainEntityOfPage":{"@id":"https:\/\/jordibordas.com\/fr\/blog\/presentamos-nuestra-coleccion-de-soles-y-panettones-en-el-festivalet\/"},"wordCount":400,"commentCount":0,"publisher":{"@id":"https:\/\/jordibordas.com\/fr\/#organization"},"image":{"@id":"https:\/\/jordibordas.com\/fr\/blog\/presentamos-nuestra-coleccion-de-soles-y-panettones-en-el-festivalet\/#primaryimage"},"thumbnailUrl":"https:\/\/jordibordas.com\/fr\/wp-content\/uploads\/sites\/6\/2021\/12\/Packs_02.jpg","keywords":["CHOCOLATE","INGREDIENTES DE PASTELER\u00cdA","LIBROS DE PASTELER\u00cdA","RECETAS DE PASTELER\u00cdA","RECETAS VEGANAS"],"articleSection":["Eventos","Recetas"],"inLanguage":"fr-FR","potentialAction":[{"@type":"CommentAction","name":"Comment","target":["https:\/\/jordibordas.com\/fr\/blog\/presentamos-nuestra-coleccion-de-soles-y-panettones-en-el-festivalet\/#respond"]}]},{"@type":"WebPage","@id":"https:\/\/jordibordas.com\/fr\/blog\/presentamos-nuestra-coleccion-de-soles-y-panettones-en-el-festivalet\/","url":"https:\/\/jordibordas.com\/fr\/blog\/presentamos-nuestra-coleccion-de-soles-y-panettones-en-el-festivalet\/","name":"Presentamos nuestra colecci\u00f3n de Soles y Panettones en el Festivalet - Jordi Bordas \u00c9cole de P\u00e2tisserie","isPartOf":{"@id":"https:\/\/jordibordas.com\/fr\/#website"},"primaryImageOfPage":{"@id":"https:\/\/jordibordas.com\/fr\/blog\/presentamos-nuestra-coleccion-de-soles-y-panettones-en-el-festivalet\/#primaryimage"},"image":{"@id":"https:\/\/jordibordas.com\/fr\/blog\/presentamos-nuestra-coleccion-de-soles-y-panettones-en-el-festivalet\/#primaryimage"},"thumbnailUrl":"https:\/\/jordibordas.com\/fr\/wp-content\/uploads\/sites\/6\/2021\/12\/Packs_02.jpg","datePublished":"2021-12-15T07:58:47+00:00","dateModified":"2022-07-21T07:11:37+00:00","description":"El pasado fin de semana presentamos nuestra colecci\u00f3n de Soles y Panettones en el Festivalet, una feria que re\u00fane a artesanos y dise\u00f1adores.","breadcrumb":{"@id":"https:\/\/jordibordas.com\/fr\/blog\/presentamos-nuestra-coleccion-de-soles-y-panettones-en-el-festivalet\/#breadcrumb"},"inLanguage":"fr-FR","potentialAction":[{"@type":"ReadAction","target":["https:\/\/jordibordas.com\/fr\/blog\/presentamos-nuestra-coleccion-de-soles-y-panettones-en-el-festivalet\/"]}]},{"@type":"ImageObject","inLanguage":"fr-FR","@id":"https:\/\/jordibordas.com\/fr\/blog\/presentamos-nuestra-coleccion-de-soles-y-panettones-en-el-festivalet\/#primaryimage","url":"https:\/\/jordibordas.com\/fr\/wp-content\/uploads\/sites\/6\/2021\/12\/Packs_02.jpg","contentUrl":"https:\/\/jordibordas.com\/fr\/wp-content\/uploads\/sites\/6\/2021\/12\/Packs_02.jpg","width":7775,"height":5186},{"@type":"BreadcrumbList","@id":"https:\/\/jordibordas.com\/fr\/blog\/presentamos-nuestra-coleccion-de-soles-y-panettones-en-el-festivalet\/#breadcrumb","itemListElement":[{"@type":"ListItem","position":1,"name":"Portada","item":"https:\/\/jordibordas.com\/fr\/"},{"@type":"ListItem","position":2,"name":"Presentamos nuestra colecci\u00f3n de Soles y Panettones en el Festivalet"}]},{"@type":"WebSite","@id":"https:\/\/jordibordas.com\/fr\/#website","url":"https:\/\/jordibordas.com\/fr\/","name":"Jordi Bordas \u00c9cole de P\u00e2tisserie","description":"Innovative Pastry Education","publisher":{"@id":"https:\/\/jordibordas.com\/fr\/#organization"},"potentialAction":[{"@type":"SearchAction","target":{"@type":"EntryPoint","urlTemplate":"https:\/\/jordibordas.com\/fr\/?s={search_term_string}"},"query-input":{"@type":"PropertyValueSpecification","valueRequired":true,"valueName":"search_term_string"}}],"inLanguage":"fr-FR"},{"@type":"Organization","@id":"https:\/\/jordibordas.com\/fr\/#organization","name":"Jordi Bordas","url":"https:\/\/jordibordas.com\/fr\/","logo":{"@type":"ImageObject","inLanguage":"fr-FR","@id":"https:\/\/jordibordas.com\/fr\/#\/schema\/logo\/image\/","url":"https:\/\/jordibordas.com\/fr\/wp-content\/uploads\/sites\/6\/2020\/11\/logo.svg","contentUrl":"https:\/\/jordibordas.com\/fr\/wp-content\/uploads\/sites\/6\/2020\/11\/logo.svg","width":274,"height":68,"caption":"Jordi Bordas"},"image":{"@id":"https:\/\/jordibordas.com\/fr\/#\/schema\/logo\/image\/"}},{"@type":"Person","@id":"https:\/\/jordibordas.com\/fr\/#\/schema\/person\/e258d3dedfb9998c9338c0ee02ecf429","name":"Jordi Bordas","image":{"@type":"ImageObject","inLanguage":"fr-FR","@id":"https:\/\/secure.gravatar.com\/avatar\/e834c88a47f9e573e74d3dcf46636654875c577e557d6d4e85dd5c58bccd37b2?s=96&d=mm&r=g","url":"https:\/\/secure.gravatar.com\/avatar\/e834c88a47f9e573e74d3dcf46636654875c577e557d6d4e85dd5c58bccd37b2?s=96&d=mm&r=g","contentUrl":"https:\/\/secure.gravatar.com\/avatar\/e834c88a47f9e573e74d3dcf46636654875c577e557d6d4e85dd5c58bccd37b2?s=96&d=mm&r=g","caption":"Jordi Bordas"}}]}},"_links":{"self":[{"href":"https:\/\/jordibordas.com\/fr\/wp-json\/wp\/v2\/posts\/6449","targetHints":{"allow":["GET"]}}],"collection":[{"href":"https:\/\/jordibordas.com\/fr\/wp-json\/wp\/v2\/posts"}],"about":[{"href":"https:\/\/jordibordas.com\/fr\/wp-json\/wp\/v2\/types\/post"}],"author":[{"embeddable":true,"href":"https:\/\/jordibordas.com\/fr\/wp-json\/wp\/v2\/users\/8"}],"replies":[{"embeddable":true,"href":"https:\/\/jordibordas.com\/fr\/wp-json\/wp\/v2\/comments?post=6449"}],"version-history":[{"count":10,"href":"https:\/\/jordibordas.com\/fr\/wp-json\/wp\/v2\/posts\/6449\/revisions"}],"predecessor-version":[{"id":10676,"href":"https:\/\/jordibordas.com\/fr\/wp-json\/wp\/v2\/posts\/6449\/revisions\/10676"}],"wp:featuredmedia":[{"embeddable":true,"href":"https:\/\/jordibordas.com\/fr\/wp-json\/wp\/v2\/media\/6474"}],"wp:attachment":[{"href":"https:\/\/jordibordas.com\/fr\/wp-json\/wp\/v2\/media?parent=6449"}],"wp:term":[{"taxonomy":"category","embeddable":true,"href":"https:\/\/jordibordas.com\/fr\/wp-json\/wp\/v2\/categories?post=6449"},{"taxonomy":"post_tag","embeddable":true,"href":"https:\/\/jordibordas.com\/fr\/wp-json\/wp\/v2\/tags?post=6449"}],"curies":[{"name":"wp","href":"https:\/\/api.w.org\/{rel}","templated":true}]}}